{"id":208,"date":"2025-12-03T21:29:34","date_gmt":"2025-12-03T21:29:34","guid":{"rendered":"https:\/\/festivaldumenhir.fr\/?p=208"},"modified":"2026-02-08T12:51:16","modified_gmt":"2026-02-08T12:51:16","slug":"mentions-legales","status":"publish","type":"post","link":"https:\/\/festivaldumenhir.fr\/index.php\/2025\/12\/03\/mentions-legales\/","title":{"rendered":"Mentions l\u00e9gales"},"content":{"rendered":"\n<h1 class=\"wp-block-heading has-text-align-center has-custom-entourage-color has-custom-fond-background-color has-text-color has-background has-link-color wp-elements-76e2631852edc6a376d96e9cb2a6d815\" style=\"padding-bottom:0\">Mentions l\u00e9gales<\/h1>\n\n\n\n<h3 class=\"wp-block-heading has-custom-entourage-color has-custom-fond-background-color has-text-color has-background has-link-color wp-elements-3f9dd5a6907b614a7f43a634256415ce\">1. Informations L\u00e9gales (L\u2019\u00c9diteur du Site)<\/h3>\n\n\n\n<p class=\"has-custom-entourage-color has-custom-fond-background-color has-text-color has-background has-link-color wp-elements-c87111d4111045804c82daff6ab257dc\" style=\"padding-top:0;padding-bottom:0\">Le pr\u00e9sent site web est \u00e9dit\u00e9 par :<\/p>\n\n\n\n<p class=\"has-custom-entourage-color has-custom-fond-background-color has-text-color has-background has-link-color wp-elements-a4ca738b2c5f5a01e1c68c24e748dfe4\" style=\"padding-top:0;padding-bottom:0\"><strong>Directeur de la Publication :<\/strong> M\u00e9lanie Lefeuvre, pr\u00e9sidente<\/p>\n\n\n\n<p class=\"has-custom-entourage-color has-custom-fond-background-color has-text-color has-background has-link-color wp-elements-6221fff8dc64927f81138516b82d69c3\" style=\"padding-top:0;padding-bottom:0\"><strong>Nom de la Structure :<\/strong> Association Festival du Menhir<\/p>\n\n\n\n<p class=\"has-custom-entourage-color has-custom-fond-background-color has-text-color has-background has-link-color wp-elements-ca8ee1a77d851e1d52c63b3a5b08ccb0\" style=\"padding-top:0;padding-bottom:0\"><strong>Forme Juridique :<\/strong> Association loi 1901<\/p>\n\n\n\n<p class=\"has-custom-entourage-color has-custom-fond-background-color has-text-color has-background has-link-color wp-elements-e0d1d28a289637c6428e6fececc0ca4f\" style=\"padding-top:0;padding-bottom:0\"><strong>Si\u00e8ge Social :<\/strong> Mairie, Place de l&rsquo;\u00c9glise, 44110 Saint-Aubin-des-Ch\u00e2teaux<\/p>\n\n\n\n<p class=\"has-custom-entourage-color has-custom-fond-background-color has-text-color has-background has-link-color wp-elements-ed642fc6995c152372bcc5333eb25f9a\" style=\"padding-top:0;padding-bottom:0\"><strong>Adresse e-mail de contact :<\/strong> <a href=\"mailto:contact@festivaldumenhir.fr\"><span style=\"text-decoration: underline;\">contact@festivaldumenhir<\/span><\/a><\/p>\n\n\n\n<p class=\"has-custom-entourage-color has-custom-fond-background-color has-text-color has-background has-link-color wp-elements-df53ae754c4aee6a2c460c43faddeac5\" style=\"padding-top:0;padding-bottom:0\"><strong>Num\u00e9ro SIREN :<\/strong> 999 142 011<\/p>\n\n\n\n<p class=\"has-custom-entourage-color has-custom-fond-background-color has-text-color has-background has-link-color wp-elements-1b8b3408775654e6c35d5d2153cf8227\" style=\"padding-top:0;padding-bottom:0\"><strong>Num\u00e9ro SIRET :<\/strong> 999 142 011 00017<\/p>\n\n\n\n<p class=\"has-custom-entourage-color has-custom-fond-background-color has-text-color has-background has-link-color wp-elements-8832f889cad08ce6c8d60a3909b2c050\" style=\"padding-top:0;padding-bottom:0\"><strong>R\u00e9c\u00e9piss\u00e9 d&rsquo;entrepreneur de spectacles vivants :<\/strong> n\u00b03-011631<\/p>\n\n\n\n<h3 class=\"wp-block-heading has-custom-entourage-color has-custom-fond-background-color has-text-color has-background has-link-color wp-elements-07169bed398624f74d5427a504577d43\">2. H\u00e9bergement du Site<\/h3>\n\n\n\n<p class=\"has-custom-entourage-color has-custom-fond-background-color has-text-color has-background has-link-color wp-elements-dbd3b245d22b185975f0e697db91652f\" style=\"padding-top:0;padding-bottom:0\">Le site <strong><a href=\"http:\/\/www.festivaldumenhir.fr\">festivaldumenhir.fr<\/a><\/strong> est h\u00e9berg\u00e9 par :<\/p>\n\n\n\n<p class=\"has-custom-entourage-color has-custom-fond-background-color has-text-color has-background has-link-color wp-elements-3388637196126c4e5358855367d3f56d\" style=\"padding-top:0;padding-bottom:0\"><strong>Nom de l&rsquo;H\u00e9bergeur :<\/strong> OVHcloud<\/p>\n\n\n\n<p class=\"has-custom-entourage-color has-custom-fond-background-color has-text-color has-background has-link-color wp-elements-9219f61084973e2776ef941a41de160f\" style=\"padding-top:0;padding-bottom:0\"><strong>Forme Juridique :<\/strong> Soci\u00e9t\u00e9 par actions simplifi\u00e9e (SAS)<\/p>\n\n\n\n<p class=\"has-custom-entourage-color has-custom-fond-background-color has-text-color has-background has-link-color wp-elements-901d73795aec0f17fe8e0711af68a4d7\" style=\"padding-top:0;padding-bottom:0\"><strong>Si\u00e8ge Social :<\/strong> 2 rue Kellermann &#8211; 59100 Roubaix &#8211; France<\/p>\n\n\n\n<p class=\"has-custom-entourage-color has-custom-fond-background-color has-text-color has-background has-link-color wp-elements-7f0e865dbfc56b0fd50b5e885a92a499\" style=\"padding-top:0;padding-bottom:0\">Le site est propuls\u00e9 par le syst\u00e8me de gestion de contenu libre et open-source <strong>WordPress<\/strong>.<\/p>\n\n\n\n<h3 class=\"wp-block-heading has-custom-entourage-color has-custom-fond-background-color has-text-color has-background has-link-color wp-elements-3b64076cdfa408721d88185bb9dfce01\">3. Propri\u00e9t\u00e9 Intellectuelle<\/h3>\n\n\n\n<p class=\"has-custom-entourage-color has-custom-fond-background-color has-text-color has-background has-link-color wp-elements-bf8b81547de366884c2d611d530f62fe\" style=\"padding-top:0;padding-right:var(--wp--preset--spacing--30);padding-bottom:0\">L&rsquo;ensemble de ce site rel\u00e8ve de la l\u00e9gislation fran\u00e7aise et internationale sur le droit d&rsquo;auteur et la propri\u00e9t\u00e9 intellectuelle. Tous les droits de reproduction sont r\u00e9serv\u00e9s, y compris pour les documents t\u00e9l\u00e9chargeables, les repr\u00e9sentations iconographiques et photographiques.<\/p>\n\n\n\n<p class=\"has-custom-entourage-color has-custom-fond-background-color has-text-color has-background has-link-color wp-elements-e68fede6d040ededcdb5e91bd6d52871\" style=\"padding-top:0;padding-right:var(--wp--preset--spacing--30);padding-bottom:0\">Les marques et logos figurant sur ce site sont des marques d\u00e9pos\u00e9es ou des propri\u00e9t\u00e9s de l&rsquo;Association Festival du Menhir ou de ses Partenaires.<\/p>\n\n\n\n<p class=\"has-custom-entourage-color has-custom-fond-background-color has-text-color has-background has-link-color wp-elements-948536f476b588929322ad707c80eac6\" style=\"padding-top:0;padding-right:var(--wp--preset--spacing--30);padding-bottom:0\">Toute reproduction, repr\u00e9sentation, modification, publication, adaptation de tout ou partie des \u00e9l\u00e9ments du site, quel que soit le moyen ou le proc\u00e9d\u00e9 utilis\u00e9, est interdite, sauf autorisation \u00e9crite pr\u00e9alable de l&rsquo;Association Festival du Menhir.<\/p>\n\n\n\n<h3 class=\"wp-block-heading has-custom-entourage-color has-custom-fond-background-color has-text-color has-background has-link-color wp-elements-770f0a1a8bece39cd713e28e9f00d20e\">4. Donn\u00e9es Personnelles (Politique de Confidentialit\u00e9)<\/h3>\n\n\n\n<p class=\"has-custom-entourage-color has-custom-fond-background-color has-text-color has-background has-link-color wp-elements-84b949ad9430b0fa7119277f36592fbb\" style=\"padding-top:0;padding-bottom:0\">Conform\u00e9ment au R\u00e8glement G\u00e9n\u00e9ral sur la Protection des Donn\u00e9es (RGPD), l&rsquo;Association Festival du Menhir collecte et traite vos donn\u00e9es personnelles (via les formulaires de contact, les candidatures b\u00e9n\u00e9voles et la billetterie).<\/p>\n\n\n\n<p class=\"has-custom-entourage-color has-custom-fond-background-color has-text-color has-background has-link-color wp-elements-97d75201cafda008177ea275c6f1f621\" style=\"padding-top:0;padding-bottom:0\"><strong>Vos Droits :<\/strong> Vous disposez d&rsquo;un droit d&rsquo;acc\u00e8s, de rectification, d&rsquo;effacement, de portabilit\u00e9 des donn\u00e9es vous concernant. Vous pouvez exercer ces droits \u00e0 tout moment en contactant le Directeur de la Publication par e-mail \u00e0 l&rsquo;adresse <strong>contact@festivaldumenhir.fr<\/strong>.<\/p>\n\n\n\n<p class=\"has-custom-entourage-color has-custom-fond-background-color has-text-color has-background has-link-color wp-elements-b560bf5cc3dcd447236f3cc409a0496e\" style=\"padding-top:0;padding-bottom:0\"><strong>Finalit\u00e9s :<\/strong> Vos donn\u00e9es sont collect\u00e9es dans le but de g\u00e9rer les demandes de contact, d&rsquo;assurer le suivi des inscriptions b\u00e9n\u00e9voles, de traiter les commandes de billetterie, et d&rsquo;envoyer des informations sur le festival (sous r\u00e9serve de votre consentement).<\/p>\n\n\n\n<h3 class=\"wp-block-heading has-custom-entourage-color has-custom-fond-background-color has-text-color has-background has-link-color wp-elements-f34681e686dc3401dd23420ee3d75e2c\">5. Cookies<\/h3>\n\n\n\n<p class=\"has-custom-entourage-color has-custom-fond-background-color has-text-color has-background has-link-color wp-elements-6cd1f564d3efedaaa38b1dc0df4e6536\" style=\"padding-top:0;padding-bottom:0\">La navigation sur le site <strong>festivaldumenhir.fr<\/strong> est susceptible de provoquer l\u2019installation de cookie(s) sur l\u2019ordinateur de l\u2019utilisateur. Un cookie est un fichier de petite taille qui ne permet pas l\u2019identification de l\u2019utilisateur, mais qui enregistre des informations relatives \u00e0 la navigation d\u2019un ordinateur sur un site.<\/p>\n\n\n\n<p class=\"has-custom-entourage-color has-custom-fond-background-color has-text-color has-background has-link-color wp-elements-af7c29a03176fb10e2c6d386aaa72633\" style=\"padding-top:0;padding-bottom:0\">Le refus d\u2019installation d\u2019un cookie peut entra\u00eener l\u2019impossibilit\u00e9 d\u2019acc\u00e9der \u00e0 certains services.<\/p>\n\n\n\n<p class=\"has-custom-entourage-color has-custom-fond-background-color has-text-color has-background has-link-color wp-elements-ef27794b08a261366f2304928bd6574f\" style=\"padding-top:0;padding-bottom:var(--wp--preset--spacing--40)\">L&rsquo;utilisateur est inform\u00e9 de l&rsquo;utilisation de ces cookies via un bandeau de consentement visible \u00e0 sa premi\u00e8re visite.<\/p>\n\n\n\n<div class=\"wp-block-group is-layout-grid wp-container-core-group-is-layout-0d7989b9 wp-block-group-is-layout-grid\" style=\"padding-top:var(--wp--preset--spacing--10);padding-right:0;padding-bottom:var(--wp--preset--spacing--30);padding-left:var(--wp--preset--spacing--10)\">\n<div class=\"wp-block-group has-global-padding is-content-justification-right is-layout-constrained wp-container-core-group-is-layout-f1f2ed93 wp-block-group-is-layout-constrained\"><div class=\"aligncenter wp-block-site-logo wp-container-content-69bc4bdf\"><a href=\"https:\/\/festivaldumenhir.fr\/\" class=\"custom-logo-link\" rel=\"home\"><img loading=\"lazy\" decoding=\"async\" width=\"104\" height=\"89\" src=\"https:\/\/festivaldumenhir.fr\/wp-content\/uploads\/2025\/11\/IMG-20251115-WA0004-removebg-preview.png\" class=\"custom-logo\" alt=\"Festival du Menhir\" srcset=\"https:\/\/festivaldumenhir.fr\/wp-content\/uploads\/2025\/11\/IMG-20251115-WA0004-removebg-preview.png 500w, https:\/\/festivaldumenhir.fr\/wp-content\/uploads\/2025\/11\/IMG-20251115-WA0004-removebg-preview-300x259.png 300w\" sizes=\"auto, (max-width: 104px) 100vw, 104px\" \/><\/a><\/div><\/div>\n\n\n\n<p class=\"has-text-align-center has-small-font-size\" style=\"padding-top:var(--wp--preset--spacing--20);padding-right:0;padding-bottom:0;padding-left:var(--wp--preset--spacing--30)\">Festival du Menhir <br>44110 Saint-Aubin-des-Ch\u00e2teaux<\/p>\n\n\n\n<p class=\"has-text-align-center has-small-font-size wp-container-content-50b6c326\" style=\"margin-top:var(--wp--preset--spacing--20);margin-right:var(--wp--preset--spacing--30);margin-left:var(--wp--preset--spacing--30)\"><a href=\"https:\/\/festivaldumenhir.fr\/index.php\/2025\/12\/03\/mentions-legales\/\" data-type=\"post\" data-id=\"208\">Mentions l\u00e9gales <\/a><br><a href=\"https:\/\/festivaldumenhir.fr\/index.php\/2025\/12\/03\/cgv\/\" data-type=\"post\" data-id=\"227\">CGV<\/a><\/p>\n\n\n\n<div class=\"wp-block-columns are-vertically-aligned-center is-not-stacked-on-mobile wp-container-content-7fd912ad is-layout-flex wp-container-core-columns-is-layout-28f84493 wp-block-columns-is-layout-flex\">\n<div class=\"wp-block-column is-vertically-aligned-center is-layout-flow wp-block-column-is-layout-flow\">\n<figure class=\"wp-block-image aligncenter size-large is-resized\"><a href=\"https:\/\/www.instagram.com\/festivaldumenhir\/\"><img loading=\"lazy\" decoding=\"async\" width=\"1024\" height=\"768\" src=\"http:\/\/festivaldumenhir.fr\/wp-content\/uploads\/2025\/11\/Instagram-logo-roundet-jedesf-1024x768.png\" alt=\"\" class=\"wp-image-19\" style=\"aspect-ratio:1;object-fit:cover;width:40px\" srcset=\"https:\/\/festivaldumenhir.fr\/wp-content\/uploads\/2025\/11\/Instagram-logo-roundet-jedesf-1024x768.png 1024w, https:\/\/festivaldumenhir.fr\/wp-content\/uploads\/2025\/11\/Instagram-logo-roundet-jedesf-300x225.png 300w, https:\/\/festivaldumenhir.fr\/wp-content\/uploads\/2025\/11\/Instagram-logo-roundet-jedesf-768x576.png 768w, https:\/\/festivaldumenhir.fr\/wp-content\/uploads\/2025\/11\/Instagram-logo-roundet-jedesf-1536x1152.png 1536w, https:\/\/festivaldumenhir.fr\/wp-content\/uploads\/2025\/11\/Instagram-logo-roundet-jedesf.png 1600w\" sizes=\"auto, (max-width: 1024px) 100vw, 1024px\" \/><\/a><\/figure>\n<\/div>\n\n\n\n<div class=\"wp-block-column is-vertically-aligned-center is-layout-flow wp-block-column-is-layout-flow\" style=\"padding-top:0;padding-right:0;padding-bottom:0;padding-left:0\">\n<figure class=\"wp-block-image aligncenter size-large is-resized\" style=\"margin-top:0;margin-right:0;margin-bottom:0\"><a href=\"https:\/\/www.facebook.com\/profile.php?id=61585001060938\"><img loading=\"lazy\" decoding=\"async\" width=\"1024\" height=\"1024\" src=\"http:\/\/festivaldumenhir.fr\/wp-content\/uploads\/2025\/11\/facebook-logo-1024x1024.png\" alt=\"\" class=\"wp-image-280\" style=\"aspect-ratio:1;object-fit:cover;width:40px\" srcset=\"https:\/\/festivaldumenhir.fr\/wp-content\/uploads\/2025\/11\/facebook-logo-1024x1024.png 1024w, https:\/\/festivaldumenhir.fr\/wp-content\/uploads\/2025\/11\/facebook-logo-300x300.png 300w, https:\/\/festivaldumenhir.fr\/wp-content\/uploads\/2025\/11\/facebook-logo-150x150.png 150w, https:\/\/festivaldumenhir.fr\/wp-content\/uploads\/2025\/11\/facebook-logo-768x768.png 768w, https:\/\/festivaldumenhir.fr\/wp-content\/uploads\/2025\/11\/facebook-logo-1536x1536.png 1536w, https:\/\/festivaldumenhir.fr\/wp-content\/uploads\/2025\/11\/facebook-logo.png 2000w\" sizes=\"auto, (max-width: 1024px) 100vw, 1024px\" \/><\/a><\/figure>\n<\/div>\n\n\n\n<div class=\"wp-block-column is-vertically-aligned-center is-layout-flow wp-block-column-is-layout-flow\">\n<figure class=\"wp-block-image aligncenter size-large is-resized\"><a href=\"https:\/\/www.tiktok.com\/@festival.du.menhi\"><img loading=\"lazy\" decoding=\"async\" width=\"1024\" height=\"1024\" src=\"http:\/\/festivaldumenhir.fr\/wp-content\/uploads\/2026\/03\/8e41c3c7e067bf63c317ba7b0d6ce441-1024x1024.png\" alt=\"\" class=\"wp-image-434\" style=\"width:40px\" srcset=\"https:\/\/festivaldumenhir.fr\/wp-content\/uploads\/2026\/03\/8e41c3c7e067bf63c317ba7b0d6ce441-1024x1024.png 1024w, https:\/\/festivaldumenhir.fr\/wp-content\/uploads\/2026\/03\/8e41c3c7e067bf63c317ba7b0d6ce441-300x300.png 300w, https:\/\/festivaldumenhir.fr\/wp-content\/uploads\/2026\/03\/8e41c3c7e067bf63c317ba7b0d6ce441-150x150.png 150w, https:\/\/festivaldumenhir.fr\/wp-content\/uploads\/2026\/03\/8e41c3c7e067bf63c317ba7b0d6ce441-768x768.png 768w, https:\/\/festivaldumenhir.fr\/wp-content\/uploads\/2026\/03\/8e41c3c7e067bf63c317ba7b0d6ce441.png 1080w\" sizes=\"auto, (max-width: 1024px) 100vw, 1024px\" \/><\/a><\/figure>\n<\/div>\n\n\n\n<div class=\"wp-block-column is-layout-flow wp-block-column-is-layout-flow\" style=\"padding-top:var(--wp--preset--spacing--30);padding-bottom:var(--wp--preset--spacing--30)\">\n<figure class=\"wp-block-image size-large is-resized\"><a href=\"https:\/\/www.linkedin.com\/company\/festival-du-menhir\/\"><img loading=\"lazy\" decoding=\"async\" width=\"1024\" height=\"1024\" src=\"http:\/\/festivaldumenhir.fr\/wp-content\/uploads\/2025\/11\/linkedIn_PNG27-1024x1024.png\" alt=\"\" class=\"wp-image-277\" style=\"width:40px\" srcset=\"https:\/\/festivaldumenhir.fr\/wp-content\/uploads\/2025\/11\/linkedIn_PNG27-1024x1024.png 1024w, https:\/\/festivaldumenhir.fr\/wp-content\/uploads\/2025\/11\/linkedIn_PNG27-300x300.png 300w, https:\/\/festivaldumenhir.fr\/wp-content\/uploads\/2025\/11\/linkedIn_PNG27-150x150.png 150w, https:\/\/festivaldumenhir.fr\/wp-content\/uploads\/2025\/11\/linkedIn_PNG27-768x768.png 768w, https:\/\/festivaldumenhir.fr\/wp-content\/uploads\/2025\/11\/linkedIn_PNG27-1536x1536.png 1536w, https:\/\/festivaldumenhir.fr\/wp-content\/uploads\/2025\/11\/linkedIn_PNG27-2048x2048.png 2048w\" sizes=\"auto, (max-width: 1024px) 100vw, 1024px\" \/><\/a><\/figure>\n<\/div>\n<\/div>\n<\/div>\n","protected":false},"excerpt":{"rendered":"<p>Mentions l\u00e9gales 1. Informations L\u00e9gales (L\u2019\u00c9diteur du Site) Le pr\u00e9sent site web est \u00e9dit\u00e9 par : Directeur de la Publication : M\u00e9lanie Lefeuvre, pr\u00e9sidente Nom de la Structure : Association Festival du Menhir Forme Juridique : Association loi 1901 Si\u00e8ge Social : Mairie, Place de l&rsquo;\u00c9glise, 44110 Saint-Aubin-des-Ch\u00e2teaux Adresse e-mail de contact : contact@festivaldumenhir Num\u00e9ro [&hellip;]<\/p>\n","protected":false},"author":1,"featured_media":0,"comment_status":"open","ping_status":"open","sticky":false,"template":"page-daccueil","format":"standard","meta":{"_jetpack_memberships_contains_paid_content":false,"footnotes":"","jetpack_publicize_message":"","jetpack_publicize_feature_enabled":true,"jetpack_social_post_already_shared":true,"jetpack_social_options":{"image_generator_settings":{"template":"highway","default_image_id":0,"font":"","enabled":false},"version":2}},"categories":[1],"tags":[],"class_list":["post-208","post","type-post","status-publish","format-standard","hentry","category-uncategorized"],"jetpack_publicize_connections":[],"jetpack_featured_media_url":"","jetpack_sharing_enabled":true,"_links":{"self":[{"href":"https:\/\/festivaldumenhir.fr\/index.php\/wp-json\/wp\/v2\/posts\/208","targetHints":{"allow":["GET"]}}],"collection":[{"href":"https:\/\/festivaldumenhir.fr\/index.php\/wp-json\/wp\/v2\/posts"}],"about":[{"href":"https:\/\/festivaldumenhir.fr\/index.php\/wp-json\/wp\/v2\/types\/post"}],"author":[{"embeddable":true,"href":"https:\/\/festivaldumenhir.fr\/index.php\/wp-json\/wp\/v2\/users\/1"}],"replies":[{"embeddable":true,"href":"https:\/\/festivaldumenhir.fr\/index.php\/wp-json\/wp\/v2\/comments?post=208"}],"version-history":[{"count":19,"href":"https:\/\/festivaldumenhir.fr\/index.php\/wp-json\/wp\/v2\/posts\/208\/revisions"}],"predecessor-version":[{"id":404,"href":"https:\/\/festivaldumenhir.fr\/index.php\/wp-json\/wp\/v2\/posts\/208\/revisions\/404"}],"wp:attachment":[{"href":"https:\/\/festivaldumenhir.fr\/index.php\/wp-json\/wp\/v2\/media?parent=208"}],"wp:term":[{"taxonomy":"category","embeddable":true,"href":"https:\/\/festivaldumenhir.fr\/index.php\/wp-json\/wp\/v2\/categories?post=208"},{"taxonomy":"post_tag","embeddable":true,"href":"https:\/\/festivaldumenhir.fr\/index.php\/wp-json\/wp\/v2\/tags?post=208"}],"curies":[{"name":"wp","href":"https:\/\/api.w.org\/{rel}","templated":true}]}}