{"id":227,"date":"2025-12-03T21:29:53","date_gmt":"2025-12-03T21:29:53","guid":{"rendered":"https:\/\/festivaldumenhir.fr\/?p=227"},"modified":"2026-04-04T15:09:12","modified_gmt":"2026-04-04T15:09:12","slug":"cgv","status":"publish","type":"post","link":"https:\/\/festivaldumenhir.fr\/index.php\/2025\/12\/03\/cgv\/","title":{"rendered":"CGV"},"content":{"rendered":"\n<h1 class=\"wp-block-heading has-text-align-center has-custom-entourage-color has-custom-fond-background-color has-text-color has-background has-link-color wp-elements-0a8eecd1b3954aad623c1e689e4f3ae7\" style=\"padding-bottom:var(--wp--preset--spacing--40)\">Conditions g\u00e9n\u00e9rales de vente<\/h1>\n\n\n\n<p class=\"has-custom-entourage-color has-custom-fond-background-color has-text-color has-background has-link-color wp-elements-37722fecae50f8dc1ebc5511f23bf728\" style=\"padding-top:0;padding-bottom:0\"><strong>Article 1 : Champ d&rsquo;Application<\/strong><\/p>\n\n\n\n<p class=\"has-custom-entourage-color has-custom-fond-background-color has-text-color has-background has-link-color wp-elements-18f2bf2d84a3564cc6596e974e8f54bd\">Les pr\u00e9sentes Conditions G\u00e9n\u00e9rales de Vente s&rsquo;appliquent \u00e0 toutes les ventes de billets pour le Festival du Menhir, quel que soit le canal de vente (site web, revendeurs agr\u00e9\u00e9s). L&rsquo;achat d&rsquo;un billet implique l&rsquo;adh\u00e9sion sans r\u00e9serve aux pr\u00e9sentes CGV.<\/p>\n\n\n\n<p class=\"has-custom-entourage-color has-custom-fond-background-color has-text-color has-background has-link-color wp-elements-d1902fc48e400dd118900ddd0edd5ec8\" style=\"padding-top:0;padding-bottom:0\"><strong>Article 2 : Billets et Tarifs<\/strong><\/p>\n\n\n\n<p class=\"has-custom-entourage-color has-custom-fond-background-color has-text-color has-background has-link-color wp-elements-b8acc518ee5c9882929962b53b2f47f2\" style=\"padding-bottom:0\">&#8211; <strong>2.1 Types de Billets :<\/strong> Le Festival propose des Pass Jour, et potentiellement des options sp\u00e9cifiques (Pass VIP, Camping, etc.). Les tarifs sont indiqu\u00e9s en Euros (\u20ac) toutes taxes comprises (TTC).<\/p>\n\n\n\n<p class=\"has-custom-entourage-color has-custom-fond-background-color has-text-color has-background has-link-color wp-elements-75bfad914b2e5538a1e89649cb598602\" style=\"padding-top:0;padding-bottom:0\">&#8211; <strong>2.2 Validit\u00e9 :<\/strong> Le billet n&rsquo;est valable que pour la ou les dates sp\u00e9cifi\u00e9es. Il est nominatif et non cessible.<\/p>\n\n\n\n<p class=\"has-custom-entourage-color has-custom-fond-background-color has-text-color has-background has-link-color wp-elements-a150998c8148f8b243264e8fe3872083\" style=\"padding-top:0;padding-bottom:0\">&#8211; <strong>2.3 Tarifs R\u00e9duits :<\/strong> L&rsquo;acc\u00e8s aux tarifs r\u00e9duits est soumis \u00e0 la pr\u00e9sentation d&rsquo;un justificatif de moins de trois mois \u00e0 l&rsquo;entr\u00e9e du Festival.<\/p>\n\n\n\n<p class=\"has-custom-entourage-color has-custom-fond-background-color has-text-color has-background has-link-color wp-elements-15d61b8c2d91f5ef0ae14aee1735b25b\" style=\"padding-top:0\">&#8211; <strong>2.4 Mineurs :<\/strong> Les mineurs de moins de 14 ans doivent \u00eatre accompagn\u00e9s d&rsquo;un adulte responsable. Les enfants de moins de 8 ans peuvent b\u00e9n\u00e9ficier de la gratuit\u00e9 ou d&rsquo;un tarif sp\u00e9cifique, sous conditions de v\u00e9rification d&rsquo;identit\u00e9 \u00e0 l&rsquo;entr\u00e9e.<\/p>\n\n\n\n<p class=\"has-custom-entourage-color has-custom-fond-background-color has-text-color has-background has-link-color wp-elements-1cc4f68bac28aea567ddb9f9b790e9b2\" style=\"padding-top:0\"><strong>Article 3 : Commande et Paiement<\/strong><\/p>\n\n\n\n<p class=\"has-custom-entourage-color has-custom-fond-background-color has-text-color has-background has-link-color wp-elements-ed64b5594457fedae0fef2d0f337a861\" style=\"padding-top:0;padding-bottom:0\">&#8211; <strong>3.1 S\u00e9curit\u00e9 des Transactions :<\/strong> Les paiements sont effectu\u00e9s via une plateforme de paiement s\u00e9curis\u00e9e : HelloAsso.<\/p>\n\n\n\n<p class=\"has-custom-entourage-color has-custom-fond-background-color has-text-color has-background has-link-color wp-elements-b69e0237d9a2387d005df9fec2770e7b\" style=\"padding-top:0\">&#8211; <strong>3.2 Confirmation :<\/strong> La commande est d\u00e9finitive et engage l&rsquo;acheteur d\u00e8s la r\u00e9ception du paiement. Une confirmation est envoy\u00e9e par e-mail, incluant le billet au format \u00e9lectronique.<\/p>\n\n\n\n<p class=\"has-custom-entourage-color has-custom-fond-background-color has-text-color has-background has-link-color wp-elements-15e3a59377a1493363b36151c407c9f5\" style=\"padding-top:0\"><strong>Article 4 : Absence de Droit de R\u00e9tractation<\/strong><\/p>\n\n\n\n<p class=\"has-custom-entourage-color has-custom-fond-background-color has-text-color has-background has-link-color wp-elements-98a816a6286a78d86d7281ed13ea3208\" style=\"padding-top:0\">Conform\u00e9ment \u00e0 l&rsquo;article L.221-28 du Code de la consommation, la vente de billetterie de spectacles n&rsquo;est pas soumise \u00e0 l&rsquo;application du droit de r\u00e9tractation l\u00e9gal (le d\u00e9lai de 14 jours). <strong>Toute commande de billet est ferme et d\u00e9finitive.<\/strong><\/p>\n\n\n\n<p class=\"has-custom-entourage-color has-custom-fond-background-color has-text-color has-background has-link-color wp-elements-1c606d3c6f640af7debbc141aedfaa4d\" style=\"padding-top:0\"><strong>Article 5 : \u00c9change, Remboursement et Annulation<\/strong><\/p>\n\n\n\n<p class=\"has-custom-entourage-color has-custom-fond-background-color has-text-color has-background has-link-color wp-elements-daad59330f790a632d668ba7317c5140\" style=\"padding-top:0;padding-bottom:0\">&#8211; <strong>5.1 \u00c9change \/ Remboursement :<\/strong> Les billets ne sont ni \u00e9changeables ni remboursables, sauf en cas d&rsquo;annulation du Festival.<\/p>\n\n\n\n<p class=\"has-custom-entourage-color has-custom-fond-background-color has-text-color has-background has-link-color wp-elements-81a60821911cba753b4fdbb98750185e\" style=\"padding-top:0;padding-bottom:0\">&#8211; <strong>5.2 Annulation du Festival :<\/strong><\/p>\n\n\n\n<p class=\"has-custom-entourage-color has-custom-fond-background-color has-text-color has-background has-link-color wp-elements-47054fc6d11d9d3d5b6a5a6f17ca9837\" style=\"padding-top:0;padding-bottom:var(--wp--preset--spacing--20)\"><strong>Annulation Partielle \/ Changement de Programme :<\/strong> La modification du programme (changement d&rsquo;artiste, d&rsquo;horaire, ou annulation partielle de spectacles) ne donne lieu \u00e0 aucun remboursement. L&rsquo;Association s&rsquo;engage toutefois \u00e0 maintenir un programme \u00e9quivalent.<\/p>\n\n\n\n<p class=\"has-custom-entourage-color has-custom-fond-background-color has-text-color has-background has-link-color wp-elements-f1c16d06e922087193a21b74d6abf642\" style=\"padding-top:0\"><strong>Article 6 : Acc\u00e8s et S\u00e9curit\u00e9 sur Site<\/strong><\/p>\n\n\n\n<p class=\"has-custom-entourage-color has-custom-fond-background-color has-text-color has-background has-link-color wp-elements-368c71c74e499505ffda1dff01d15411\" style=\"padding-top:0;padding-bottom:0\">&#8211; <strong>6.1 Contr\u00f4le :<\/strong> L&rsquo;acc\u00e8s au Festival est soumis au contr\u00f4le des billets. Une pi\u00e8ce d&rsquo;identit\u00e9 peut \u00eatre demand\u00e9e.<\/p>\n\n\n\n<p class=\"has-custom-entourage-color has-custom-fond-background-color has-text-color has-background has-link-color wp-elements-a13369655f86d092fede54da5af84ac1\" style=\"padding-top:0\">&#8211; <strong>6.2 Objets Interdits :<\/strong> La liste des objets interdits sur le site (armes, substances illicites, bouteilles en verre, appareils d\u2019enregistrement professionnels, etc.) sera affich\u00e9e sur le site web et \u00e0 l&rsquo;entr\u00e9e. L&rsquo;acc\u00e8s pourra \u00eatre refus\u00e9 \u00e0 toute personne ne respectant pas cette clause, sans possibilit\u00e9 de remboursement.<\/p>\n\n\n\n<p class=\"has-custom-entourage-color has-custom-fond-background-color has-text-color has-background has-link-color wp-elements-041945f7ebcda8e9bdecacd217ecd179\" style=\"padding-top:0\"><strong>Article 7 : Loi Applicable et Litiges<\/strong><\/p>\n\n\n\n<p class=\"has-custom-entourage-color has-custom-fond-background-color has-text-color has-background has-link-color wp-elements-0e191b479d5465e3517b68b957b55398\" style=\"padding-top:0;padding-bottom:var(--wp--preset--spacing--30)\">Les pr\u00e9sentes CGV sont soumises \u00e0 la loi fran\u00e7aise. En cas de litige, une solution amiable sera recherch\u00e9e avant toute action judiciaire. Tout litige non r\u00e9solu rel\u00e8vera de la comp\u00e9tence exclusive des tribunaux fran\u00e7ais.<\/p>\n\n\n\n<div class=\"wp-block-group is-layout-grid wp-container-core-group-is-layout-0d7989b9 wp-block-group-is-layout-grid\" style=\"padding-top:var(--wp--preset--spacing--10);padding-right:0;padding-bottom:var(--wp--preset--spacing--30);padding-left:var(--wp--preset--spacing--10)\">\n<div class=\"wp-block-group has-global-padding is-content-justification-right is-layout-constrained wp-container-core-group-is-layout-f1f2ed93 wp-block-group-is-layout-constrained\"><div class=\"aligncenter wp-block-site-logo wp-container-content-69bc4bdf\"><a href=\"https:\/\/festivaldumenhir.fr\/\" class=\"custom-logo-link\" rel=\"home\"><img loading=\"lazy\" decoding=\"async\" width=\"104\" height=\"89\" src=\"https:\/\/festivaldumenhir.fr\/wp-content\/uploads\/2025\/11\/IMG-20251115-WA0004-removebg-preview.png\" class=\"custom-logo\" alt=\"Festival du Menhir\" srcset=\"https:\/\/festivaldumenhir.fr\/wp-content\/uploads\/2025\/11\/IMG-20251115-WA0004-removebg-preview.png 500w, https:\/\/festivaldumenhir.fr\/wp-content\/uploads\/2025\/11\/IMG-20251115-WA0004-removebg-preview-300x259.png 300w\" sizes=\"auto, (max-width: 104px) 100vw, 104px\" \/><\/a><\/div><\/div>\n\n\n\n<p class=\"has-text-align-center has-small-font-size\" style=\"padding-top:var(--wp--preset--spacing--20);padding-right:0;padding-bottom:0;padding-left:var(--wp--preset--spacing--30)\">Festival du Menhir <br>44110 Saint-Aubin-des-Ch\u00e2teaux<\/p>\n\n\n\n<p class=\"has-text-align-center has-small-font-size wp-container-content-50b6c326\" style=\"margin-top:var(--wp--preset--spacing--20);margin-right:var(--wp--preset--spacing--30);margin-left:var(--wp--preset--spacing--30)\"><a href=\"https:\/\/festivaldumenhir.fr\/index.php\/2025\/12\/03\/mentions-legales\/\" data-type=\"post\" data-id=\"208\">Mentions l\u00e9gales <\/a><br><a href=\"https:\/\/festivaldumenhir.fr\/index.php\/2025\/12\/03\/cgv\/\" data-type=\"post\" data-id=\"227\">CGV<\/a><\/p>\n\n\n\n<div class=\"wp-block-columns are-vertically-aligned-center is-not-stacked-on-mobile wp-container-content-7fd912ad is-layout-flex wp-container-core-columns-is-layout-28f84493 wp-block-columns-is-layout-flex\">\n<div class=\"wp-block-column is-vertically-aligned-center is-layout-flow wp-block-column-is-layout-flow\">\n<figure class=\"wp-block-image aligncenter size-large is-resized\"><a href=\"https:\/\/www.instagram.com\/festivaldumenhir\/\"><img loading=\"lazy\" decoding=\"async\" width=\"1024\" height=\"768\" src=\"http:\/\/festivaldumenhir.fr\/wp-content\/uploads\/2025\/11\/Instagram-logo-roundet-jedesf-1024x768.png\" alt=\"\" class=\"wp-image-19\" style=\"aspect-ratio:1;object-fit:cover;width:40px\" srcset=\"https:\/\/festivaldumenhir.fr\/wp-content\/uploads\/2025\/11\/Instagram-logo-roundet-jedesf-1024x768.png 1024w, https:\/\/festivaldumenhir.fr\/wp-content\/uploads\/2025\/11\/Instagram-logo-roundet-jedesf-300x225.png 300w, https:\/\/festivaldumenhir.fr\/wp-content\/uploads\/2025\/11\/Instagram-logo-roundet-jedesf-768x576.png 768w, https:\/\/festivaldumenhir.fr\/wp-content\/uploads\/2025\/11\/Instagram-logo-roundet-jedesf-1536x1152.png 1536w, https:\/\/festivaldumenhir.fr\/wp-content\/uploads\/2025\/11\/Instagram-logo-roundet-jedesf.png 1600w\" sizes=\"auto, (max-width: 1024px) 100vw, 1024px\" \/><\/a><\/figure>\n<\/div>\n\n\n\n<div class=\"wp-block-column is-vertically-aligned-center is-layout-flow wp-block-column-is-layout-flow\" style=\"padding-top:0;padding-right:0;padding-bottom:0;padding-left:0\">\n<figure class=\"wp-block-image aligncenter size-large is-resized\" style=\"margin-top:0;margin-right:0;margin-bottom:0\"><a href=\"https:\/\/www.facebook.com\/profile.php?id=61585001060938\"><img loading=\"lazy\" decoding=\"async\" width=\"1024\" height=\"1024\" src=\"http:\/\/festivaldumenhir.fr\/wp-content\/uploads\/2025\/11\/facebook-logo-1024x1024.png\" alt=\"\" class=\"wp-image-280\" style=\"aspect-ratio:1;object-fit:cover;width:40px\" srcset=\"https:\/\/festivaldumenhir.fr\/wp-content\/uploads\/2025\/11\/facebook-logo-1024x1024.png 1024w, https:\/\/festivaldumenhir.fr\/wp-content\/uploads\/2025\/11\/facebook-logo-300x300.png 300w, https:\/\/festivaldumenhir.fr\/wp-content\/uploads\/2025\/11\/facebook-logo-150x150.png 150w, https:\/\/festivaldumenhir.fr\/wp-content\/uploads\/2025\/11\/facebook-logo-768x768.png 768w, https:\/\/festivaldumenhir.fr\/wp-content\/uploads\/2025\/11\/facebook-logo-1536x1536.png 1536w, https:\/\/festivaldumenhir.fr\/wp-content\/uploads\/2025\/11\/facebook-logo.png 2000w\" sizes=\"auto, (max-width: 1024px) 100vw, 1024px\" \/><\/a><\/figure>\n<\/div>\n\n\n\n<div class=\"wp-block-column is-vertically-aligned-center is-layout-flow wp-block-column-is-layout-flow\">\n<figure class=\"wp-block-image aligncenter size-large is-resized\"><a href=\"https:\/\/www.tiktok.com\/@festival.du.menhi\"><img loading=\"lazy\" decoding=\"async\" width=\"1024\" height=\"1024\" src=\"http:\/\/festivaldumenhir.fr\/wp-content\/uploads\/2026\/03\/8e41c3c7e067bf63c317ba7b0d6ce441-1024x1024.png\" alt=\"\" class=\"wp-image-434\" style=\"width:40px\" srcset=\"https:\/\/festivaldumenhir.fr\/wp-content\/uploads\/2026\/03\/8e41c3c7e067bf63c317ba7b0d6ce441-1024x1024.png 1024w, https:\/\/festivaldumenhir.fr\/wp-content\/uploads\/2026\/03\/8e41c3c7e067bf63c317ba7b0d6ce441-300x300.png 300w, https:\/\/festivaldumenhir.fr\/wp-content\/uploads\/2026\/03\/8e41c3c7e067bf63c317ba7b0d6ce441-150x150.png 150w, https:\/\/festivaldumenhir.fr\/wp-content\/uploads\/2026\/03\/8e41c3c7e067bf63c317ba7b0d6ce441-768x768.png 768w, https:\/\/festivaldumenhir.fr\/wp-content\/uploads\/2026\/03\/8e41c3c7e067bf63c317ba7b0d6ce441.png 1080w\" sizes=\"auto, (max-width: 1024px) 100vw, 1024px\" \/><\/a><\/figure>\n<\/div>\n\n\n\n<div class=\"wp-block-column is-layout-flow wp-block-column-is-layout-flow\" style=\"padding-top:var(--wp--preset--spacing--30);padding-bottom:var(--wp--preset--spacing--30)\">\n<figure class=\"wp-block-image size-large is-resized\"><a href=\"https:\/\/www.linkedin.com\/company\/festival-du-menhir\/\"><img loading=\"lazy\" decoding=\"async\" width=\"1024\" height=\"1024\" src=\"http:\/\/festivaldumenhir.fr\/wp-content\/uploads\/2025\/11\/linkedIn_PNG27-1024x1024.png\" alt=\"\" class=\"wp-image-277\" style=\"width:40px\" srcset=\"https:\/\/festivaldumenhir.fr\/wp-content\/uploads\/2025\/11\/linkedIn_PNG27-1024x1024.png 1024w, https:\/\/festivaldumenhir.fr\/wp-content\/uploads\/2025\/11\/linkedIn_PNG27-300x300.png 300w, https:\/\/festivaldumenhir.fr\/wp-content\/uploads\/2025\/11\/linkedIn_PNG27-150x150.png 150w, https:\/\/festivaldumenhir.fr\/wp-content\/uploads\/2025\/11\/linkedIn_PNG27-768x768.png 768w, https:\/\/festivaldumenhir.fr\/wp-content\/uploads\/2025\/11\/linkedIn_PNG27-1536x1536.png 1536w, https:\/\/festivaldumenhir.fr\/wp-content\/uploads\/2025\/11\/linkedIn_PNG27-2048x2048.png 2048w\" sizes=\"auto, (max-width: 1024px) 100vw, 1024px\" \/><\/a><\/figure>\n<\/div>\n<\/div>\n<\/div>\n","protected":false},"excerpt":{"rendered":"<p>Conditions g\u00e9n\u00e9rales de vente Article 1 : Champ d&rsquo;Application Les pr\u00e9sentes Conditions G\u00e9n\u00e9rales de Vente s&rsquo;appliquent \u00e0 toutes les ventes de billets pour le Festival du Menhir, quel que soit le canal de vente (site web, revendeurs agr\u00e9\u00e9s). L&rsquo;achat d&rsquo;un billet implique l&rsquo;adh\u00e9sion sans r\u00e9serve aux pr\u00e9sentes CGV. Article 2 : Billets et Tarifs &#8211; [&hellip;]<\/p>\n","protected":false},"author":1,"featured_media":0,"comment_status":"open","ping_status":"open","sticky":false,"template":"page-daccueil","format":"standard","meta":{"_jetpack_memberships_contains_paid_content":false,"footnotes":"","jetpack_publicize_message":"","jetpack_publicize_feature_enabled":true,"jetpack_social_post_already_shared":true,"jetpack_social_options":{"image_generator_settings":{"template":"highway","default_image_id":0,"font":"","enabled":false},"version":2}},"categories":[1],"tags":[],"class_list":["post-227","post","type-post","status-publish","format-standard","hentry","category-uncategorized"],"jetpack_publicize_connections":[],"jetpack_featured_media_url":"","jetpack_sharing_enabled":true,"_links":{"self":[{"href":"https:\/\/festivaldumenhir.fr\/index.php\/wp-json\/wp\/v2\/posts\/227","targetHints":{"allow":["GET"]}}],"collection":[{"href":"https:\/\/festivaldumenhir.fr\/index.php\/wp-json\/wp\/v2\/posts"}],"about":[{"href":"https:\/\/festivaldumenhir.fr\/index.php\/wp-json\/wp\/v2\/types\/post"}],"author":[{"embeddable":true,"href":"https:\/\/festivaldumenhir.fr\/index.php\/wp-json\/wp\/v2\/users\/1"}],"replies":[{"embeddable":true,"href":"https:\/\/festivaldumenhir.fr\/index.php\/wp-json\/wp\/v2\/comments?post=227"}],"version-history":[{"count":10,"href":"https:\/\/festivaldumenhir.fr\/index.php\/wp-json\/wp\/v2\/posts\/227\/revisions"}],"predecessor-version":[{"id":557,"href":"https:\/\/festivaldumenhir.fr\/index.php\/wp-json\/wp\/v2\/posts\/227\/revisions\/557"}],"wp:attachment":[{"href":"https:\/\/festivaldumenhir.fr\/index.php\/wp-json\/wp\/v2\/media?parent=227"}],"wp:term":[{"taxonomy":"category","embeddable":true,"href":"https:\/\/festivaldumenhir.fr\/index.php\/wp-json\/wp\/v2\/categories?post=227"},{"taxonomy":"post_tag","embeddable":true,"href":"https:\/\/festivaldumenhir.fr\/index.php\/wp-json\/wp\/v2\/tags?post=227"}],"curies":[{"name":"wp","href":"https:\/\/api.w.org\/{rel}","templated":true}]}}